{"id":111,"date":"2019-10-09T12:04:18","date_gmt":"2019-10-09T10:04:18","guid":{"rendered":"http:\/\/experience.placedeshabeilles.org\/?p=111"},"modified":"2019-10-29T16:34:00","modified_gmt":"2019-10-29T15:34:00","slug":"les-habeilles-et-la-grenouille","status":"publish","type":"post","link":"https:\/\/experience.placedeshabeilles.org\/?p=111","title":{"rendered":"Les Habeilles et la Grenouille"},"content":{"rendered":"\n<p>Quand le Collectif des Habeilles se cr\u00e9\u00e9 dans les ann\u00e9es 2010, Radio Grenouille va \u00e0 sa rencontre pour comprendre et diffuser le projet.<\/p>\n\n\n\n<figure class=\"wp-block-audio\"><audio controls src=\"https:\/\/experience.placedeshabeilles.org\/wp-content\/uploads\/2019\/09\/export-premier-montage-habeilles-pour-site.mp3\"><\/audio><figcaption>un premier reportage, il y a 10 ans&#8230;<\/figcaption><\/figure>\n\n\n\n<p>Depuis l&rsquo;origine, le projet est novateur sur les terrains de l&rsquo;habitat, il questionne la propri\u00e9t\u00e9 du sol, trouve des r\u00e9ponses dans les coop\u00e9ratives d&rsquo;habitants, revendique le commun, le soin \u00e0 l&rsquo;autre et au vivant. Dans ce projet qui se fait en se faisant depuis pr\u00e8s de 10 ans, il y a aussi, forc\u00e9ment, des remises en question, des clashs, des recompositions, des d\u00e9passements, du futur.<\/p>\n\n\n\n<p>Le document sonore que vous allez \u00e9couter est un retour sur l&rsquo;exp\u00e9rience du collectif et plus pr\u00e9cis\u00e9ment sur la question du \u00ab\u00a0participatif\u00a0\u00bb, ainsi que sur le d\u00e9passement de situations de blocage. <\/p>\n\n\n\n<p>Le processus de fabrication s&rsquo;est fait en ensemble, dans un aller retour entre La Grenouille et les Habeilles et dans des temps collectifs de prise de paroles, d&rsquo;\u00e9coute, d&rsquo;option de montage. Cette d\u00e9marche de capitalisation a pu se faire gr\u00e2ce au soutien de la Fondation Abb\u00e9 Pierre, partenaire du projet Place des Habeilles.<\/p>\n\n\n\n<figure class=\"wp-block-audio\"><audio controls src=\"https:\/\/experience.placedeshabeilles.org\/wp-content\/uploads\/2019\/10\/export-montage-habeilles-sans-chapeau.mp3\"><\/audio><figcaption>les Habeilles aujourd&rsquo;hui<\/figcaption><\/figure>\n\n\n\n<p>Dans les mois \u00e0 venir, le collectif se posera des questions et les partagera avec d&rsquo;autres, des questions sur le logement \u00e0 Marseille,  le pouvoir d&rsquo;agir, l&rsquo;habitat participatif, comment agir dans son quartier&#8230; Vous pourrez retrouver les podcast sur ce site.<\/p>\n","protected":false},"excerpt":{"rendered":"<p>Quand le Collectif des Habeilles se cr\u00e9\u00e9 dans les ann\u00e9es 2010, Radio Grenouille va \u00e0 sa rencontre pour comprendre et diffuser le projet. Depuis l&rsquo;origine, le projet est novateur sur les terrains de l&rsquo;habitat, il questionne la propri\u00e9t\u00e9 du sol, trouve des r\u00e9ponses dans les coop\u00e9ratives d&rsquo;habitants, revendique le commun, le soin \u00e0 l&rsquo;autre et [&hellip;]<\/p>\n","protected":false},"author":3,"featured_media":234,"comment_status":"closed","ping_status":"closed","sticky":false,"template":"","format":"standard","meta":{"footnotes":""},"categories":[3],"tags":[5],"class_list":["post-111","post","type-post","status-publish","format-standard","has-post-thumbnail","hentry","category-carnet-de-bord-radiophonique","tag-a-la-une"],"_links":{"self":[{"href":"https:\/\/experience.placedeshabeilles.org\/index.php?rest_route=\/wp\/v2\/posts\/111","targetHints":{"allow":["GET"]}}],"collection":[{"href":"https:\/\/experience.placedeshabeilles.org\/index.php?rest_route=\/wp\/v2\/posts"}],"about":[{"href":"https:\/\/experience.placedeshabeilles.org\/index.php?rest_route=\/wp\/v2\/types\/post"}],"author":[{"embeddable":true,"href":"https:\/\/experience.placedeshabeilles.org\/index.php?rest_route=\/wp\/v2\/users\/3"}],"replies":[{"embeddable":true,"href":"https:\/\/experience.placedeshabeilles.org\/index.php?rest_route=%2Fwp%2Fv2%2Fcomments&post=111"}],"version-history":[{"count":5,"href":"https:\/\/experience.placedeshabeilles.org\/index.php?rest_route=\/wp\/v2\/posts\/111\/revisions"}],"predecessor-version":[{"id":246,"href":"https:\/\/experience.placedeshabeilles.org\/index.php?rest_route=\/wp\/v2\/posts\/111\/revisions\/246"}],"wp:featuredmedia":[{"embeddable":true,"href":"https:\/\/experience.placedeshabeilles.org\/index.php?rest_route=\/wp\/v2\/media\/234"}],"wp:attachment":[{"href":"https:\/\/experience.placedeshabeilles.org\/index.php?rest_route=%2Fwp%2Fv2%2Fmedia&parent=111"}],"wp:term":[{"taxonomy":"category","embeddable":true,"href":"https:\/\/experience.placedeshabeilles.org\/index.php?rest_route=%2Fwp%2Fv2%2Fcategories&post=111"},{"taxonomy":"post_tag","embeddable":true,"href":"https:\/\/experience.placedeshabeilles.org\/index.php?rest_route=%2Fwp%2Fv2%2Ftags&post=111"}],"curies":[{"name":"wp","href":"https:\/\/api.w.org\/{rel}","templated":true}]}}